{"id":3347,"date":"2014-01-12T11:27:21","date_gmt":"2014-01-12T11:27:21","guid":{"rendered":"https:\/\/afikim.org\/?p=3347"},"modified":"2020-10-19T11:29:33","modified_gmt":"2020-10-19T11:29:33","slug":"a-la-memoire-de-rabbi-dr-azriel-abshil-ben-nahoum-et-pnina-kreiman-zal","status":"publish","type":"post","link":"https:\/\/afikim.org\/fr\/a-la-memoire-de-rabbi-dr-azriel-abshil-ben-nahoum-et-pnina-kreiman-zal\/","title":{"rendered":"A la m\u00e9moire de Rabbi Dr Azriel Abshil ben Nahoum et Pnina Kreiman \u00ab\u00a0zal\u00a0\u00bb"},"content":{"rendered":"\n<p>Contribution en m\u00e9moire de mon ma\u00eetre \u2013 Barouh dayan haemet Azriel ben Nahoum Kreiman dit Angel Kreiman Grand Rabbin de la communaut\u00e9 juive du Chili.<\/p>\n\n\n\n<p>Il y a des moments, bien que nous sachions qu&rsquo;ils arriveront t\u00f4t ou tard, auxquels nous ne sommes jamais pr\u00e9par\u00e9s quand ils surviennent. Il y a, \u00e0 peine une semaine que mon ma\u00eetre qui m&rsquo;a enseign\u00e9 les choses que je sais sur le juda\u00efsme et qui m&rsquo;a transmis sa passion pour le peuple juif, \u00e9tait venu passer quelques jours chez moi\u2013chabbat compris. Et aujourd&rsquo;hui, c&rsquo;est avec un profond chagrin que je dois annoncer son d\u00e9c\u00e8s \u00e0 l&rsquo;h\u00f4pital Racagua au Chili, dimanche dernier.<\/p>\n\n\n\n<p>Pendant les nombreuses conversations que nous avons eues ensemble, il m&rsquo;a souvent fait part du fait qu&rsquo;il avait d\u00e9pass\u00e9 l&rsquo;\u00e2ge de 68 ans. Cet \u00e2ge \u00e9tait celui de son mentor et mod\u00e8le bien aim\u00e9, le Grand Rabbin Guillermo Schlesinger \u00ab\u00a0zal\u00a0\u00bb quand il s&rsquo;est \u00e9teint. Angel, qui consid\u00e9rait la congr\u00e9gation isra\u00e9lite de la R\u00e9publique d&rsquo;Argentine comme sa m\u00e8re et qui avait pour le rabbin Schlesinger l&rsquo;admiration et la d\u00e9votion que l&rsquo;on peut ressentir pour un p\u00e8re, ne pouvait pas trouver pour lui m\u00eame un grand secours dans le d\u00e9terminisme qu&rsquo;il s&rsquo;imposait, quand il s&rsquo;agissait d&rsquo;affronter le grand myst\u00e8re de la vie.<\/p>\n\n\n\n<p>Il fut le premier Rabbin dipl\u00f4m\u00e9 du s\u00e9minaire rabbinique d&rsquo;Am\u00e9rique Latine, il y a de cela 40 ans. Il \u00e9tait juriste, dipl\u00f4m\u00e9 de l&rsquo;universit\u00e9 de Buenos Aires et il obtint son doctorat de droit de l&rsquo;universit\u00e9 libre de Colombia. Il re\u00e7u \u00e9galement un doctorat honorifique en th\u00e9ologie par le S\u00e9minaire Th\u00e9ologique d&rsquo;Am\u00e9rique.<\/p>\n\n\n\n<p>Entre 1970 et 1990, il fut le Grand Rabbin du Chili. Plus tard, Il a \u00e9t\u00e9 nomm\u00e9 Rabbin de la Congr\u00e9gation isra\u00e9lite de la R\u00e9publique d&rsquo;Argentine. Il fut \u00e9galement nomm\u00e9 vice-pr\u00e9sident du conseil mondial des synagogues et conseill\u00e9 aupr\u00e8s du gouvernement des Etats-Unis sur tout ce qui concerne les affaires religieuses en Am\u00e9rique Latine. En 1998, il visita la Jordanie o\u00f9 il fut re\u00e7u par le roi Hussein comme invit\u00e9 d&rsquo;honneur. Ce voyage fut le point de d\u00e9part du dialogue inter religieux entre le juda\u00efsme et l&rsquo;Islam en Am\u00e9rique Latine.<\/p>\n\n\n\n<p>Il fut un magnifique \u00eatre humain, aimant et d\u00e9testant, plein de qualit\u00e9s et de d\u00e9fauts. Il a offert \u00e0 de nombreuses g\u00e9n\u00e9rations sa d\u00e9votion et son amour pour le Tout-puissant et la Torah d&rsquo;Isra\u00ebl, travaillant dur et vivant une vie bien remplie. Sa vocation \u00e9tait de porter le juda\u00efsme \u00e0 l&rsquo;humanit\u00e9 toute enti\u00e8re.<\/p>\n\n\n\n<p>Il fut admir\u00e9, pri\u00e9, incompris et souvent sous estim\u00e9 mais il ne laissait jamais indiff\u00e9rent. Il avait besoin de capter l&rsquo;attention; il voulait \u00eatre diff\u00e9rent, et en fait, il l&rsquo;\u00e9tait. Ce n&rsquo;est pas facile d&rsquo;\u00eatre diff\u00e9rent dans un monde qui aspire \u00e0 l&rsquo;homog\u00e9n\u00e9it\u00e9. .<\/p>\n\n\n\n<p>Il fut un homme d&rsquo;\u00e9tude, avec des go\u00fbts classiques et raffin\u00e9s. Il pouvait cependant s&rsquo;adapter aux situations et r\u00e9alit\u00e9s les plus diverses gr\u00e2ce aux nombreuses facettes de sa personnalit\u00e9. Il fit partie de la vie de nombreuses personnes: Bar et Bat mitzva, mariages, divorces, veuvages, deuils\u2026et fut de toutes les situations qui font partie du cycle de nos vies.<\/p>\n\n\n\n<p>Il fut une r\u00e9f\u00e9rence permanente et d\u00e9vou\u00e9e pour tout ce qui concerne le dialogue inter religieux et les droits de l&rsquo;homme. Sa vie fut jalonn\u00e9e d&rsquo;\u00e9v\u00e9nements politiques importants depuis son appartenance au Vicaria de la Solidaridad qui d\u00e9fendait les droits de l&rsquo;homme sous la dictature de Pinochet jusqu&rsquo;\u00e0 son amiti\u00e9 avec des personnalit\u00e9s importantes des gouvernements qui ont suivi. Il re\u00e7u de nombreux prix nationaux et internationaux tel que celui dont l&rsquo;honora l&rsquo;Eglise Catholique du Chili pour sa collaboration en faveur de la dignit\u00e9 humaine.<\/p>\n\n\n\n<p>Il rencontra de nombreux chefs d&rsquo;Etat et l&rsquo;histoire de sa vie est enregistr\u00e9e \u00e0 la Biblioth\u00e8que de l&rsquo;Universit\u00e9 H\u00e9bra\u00efque de J\u00e9rusalem. Mais, ce qu&rsquo;il aimait par-dessus tout, c&rsquo;\u00e9tait de recevoir, de pr\u00e9parer et d\u00e9corer une table magnifique et d&rsquo;y d\u00e9poser des mets d\u00e9licieux qu&rsquo;il avait cuisinait avec amour.<\/p>\n\n\n\n<p>La communaut\u00e9 juive du Chili \u00e0 laquelle il se d\u00e9voua pendant 40 ans et dont il devint le Grand Rabbin pendant 22 ans, ne sera jamais capable de mesurer combien son travail altruiste a pu la fa\u00e7onner.<\/p>\n\n\n\n<p>Il y eu de nombreux faits marquants dans la vie d&rsquo;Angel, ses trois filles et sa femme Suzy \u00ab\u00a0zal\u00a0\u00bb, qui lui apporta tant d&rsquo;\u00e9quilibre et qui fut assassin\u00e9e lors de l&rsquo;attentat terroriste d&rsquo;Amia en 1994 \u00e0 Buenos Aires, ce qui bouleversa sa vie \u00e0 jamais.<\/p>\n\n\n\n<p>Ces derni\u00e8res ann\u00e9es, il s&rsquo;\u00e9tait install\u00e9 \u00e0 J\u00e9rusalem, \u00e0 deux blocs de distance de la Grande Synagogue, o\u00f9 \u2013 comme d&rsquo;habitude, il \u00e9tait admir\u00e9 et reconnu pour sa pr\u00e9sence, son \u00e9l\u00e9gance, sa connaissance de la liturgie et sa capacit\u00e9 \u00e0 cr\u00e9er des liens.<\/p>\n\n\n\n<p>Pendant ses derni\u00e8res ann\u00e9es, il s&rsquo;\u00e9tait rapproch\u00e9 du juda\u00efsme orthodoxe; Je devine que son go\u00fbt et son style pour le classique ont quelque chose \u00e0 voir avec \u00e7a m\u00eame si son esprit libre devait s&rsquo;accommoder avec de telles contradictions.<\/p>\n\n\n\n<p>Un jour, il me choisit comme disciple. Il m&rsquo;enseigna, avec succ\u00e8s et \u00e9checs, sa fa\u00e7on de vivre le juda\u00efsme. J&rsquo;ai appris \u00e0 choisir le bien et \u00e0 \u00eatre reconnaissant pour ce qu&rsquo;il m&rsquo;a donn\u00e9 comme ma\u00eetre et comme ami.<\/p>\n\n\n\n<p>\u00ab\u00a0Le Juste doit vivre par sa foi. Vous avez v\u00e9cu par la votre, et ainsi vous nous avez \u00e9clair\u00e9s avec les ombres et les lumi\u00e8res\u00a0\u00bb.<\/p>\n\n\n\n<p>Ecrit pas Miguel Steuermann, \u00e9lve et ami de Rabbi Kreiman \u00ab\u00a0zal\u00a0\u00bb<br>Directeur G\u00e9n\u00e9ral de Radio Jai \u2013 Argentine<br>Repr\u00e9sentant d&rsquo;Afikim pour l&rsquo;Am\u00e9rique du Sud<\/p>\n","protected":false},"excerpt":{"rendered":"<p>Contribution en m\u00e9moire de mon ma\u00eetre \u2013 Barouh dayan haemet Azriel ben Nahoum Kreiman dit Angel Kreiman Grand Rabbin de la communaut\u00e9 juive du Chili. Il y a des moments, bien que nous sachions qu&rsquo;ils arriveront t\u00f4t ou tard, auxquels nous ne sommes jamais pr\u00e9par\u00e9s quand ils surviennent. Il y a, \u00e0 peine une semaine [&hellip;]<\/p>\n","protected":false},"author":5,"featured_media":3360,"comment_status":"open","ping_status":"open","sticky":false,"template":"","format":"standard","meta":[],"categories":[43],"tags":[],"_links":{"self":[{"href":"https:\/\/afikim.org\/fr\/wp-json\/wp\/v2\/posts\/3347"}],"collection":[{"href":"https:\/\/afikim.org\/fr\/wp-json\/wp\/v2\/posts"}],"about":[{"href":"https:\/\/afikim.org\/fr\/wp-json\/wp\/v2\/types\/post"}],"author":[{"embeddable":true,"href":"https:\/\/afikim.org\/fr\/wp-json\/wp\/v2\/users\/5"}],"replies":[{"embeddable":true,"href":"https:\/\/afikim.org\/fr\/wp-json\/wp\/v2\/comments?post=3347"}],"version-history":[{"count":1,"href":"https:\/\/afikim.org\/fr\/wp-json\/wp\/v2\/posts\/3347\/revisions"}],"predecessor-version":[{"id":3364,"href":"https:\/\/afikim.org\/fr\/wp-json\/wp\/v2\/posts\/3347\/revisions\/3364"}],"wp:featuredmedia":[{"embeddable":true,"href":"https:\/\/afikim.org\/fr\/wp-json\/wp\/v2\/media\/3360"}],"wp:attachment":[{"href":"https:\/\/afikim.org\/fr\/wp-json\/wp\/v2\/media?parent=3347"}],"wp:term":[{"taxonomy":"category","embeddable":true,"href":"https:\/\/afikim.org\/fr\/wp-json\/wp\/v2\/categories?post=3347"},{"taxonomy":"post_tag","embeddable":true,"href":"https:\/\/afikim.org\/fr\/wp-json\/wp\/v2\/tags?post=3347"}],"curies":[{"name":"wp","href":"https:\/\/api.w.org\/{rel}","templated":true}]}}