{"id":3350,"date":"2012-07-22T11:27:23","date_gmt":"2012-07-22T11:27:23","guid":{"rendered":"https:\/\/afikim.org\/?p=3350"},"modified":"2020-10-19T11:42:01","modified_gmt":"2020-10-19T11:42:01","slug":"un-jeune-francais-vient-feter-sa-bar-mitzvah-avec-les-enfants-dafikim-de-jerusalem","status":"publish","type":"post","link":"https:\/\/afikim.org\/fr\/un-jeune-francais-vient-feter-sa-bar-mitzvah-avec-les-enfants-dafikim-de-jerusalem\/","title":{"rendered":"Un jeune fran\u00e7ais vient f\u00eater sa bar mitzvah avec les enfants d&rsquo;Afikim de J\u00e9rusalem"},"content":{"rendered":"\n<p>Eliav Ejnes a choisi de faire un long chemin de Boulogne, dans la r\u00e9gion parisienne, jusqu&rsquo;\u00e0 nos centres Afikim pour f\u00eater sa bar mitzvah.. Notre jeune ami a \u00e9galement offert des cadeaux aux enfants.<\/p>\n\n\n\n<p>Le p\u00e8re de Eliav, Robert Ejnes qui est le Pr\u00e9sident de la communaut\u00e9 juive de Boulogne nous a dit:\u00a0\u00bb Nous sommes fiers d&rsquo;\u00eatre parmi vous ici dans ce centre en ce mois de Av et nous sommes heureux de c\u00e9l\u00e9brer avec vous cet \u00e9v\u00e9nement. Je remercie Mosh\u00e9 Levkovitch et sa merveilleuse \u00e9quipe pour ce qu&rsquo;ils font en faveur des enfants d&rsquo;Isra\u00ebl, en leur offrant un foyer chaleureux, accueillant et aimant. Quand je vois les enfants, je comprends que le projet Afikim est une grande r\u00e9ussite. Il n&rsquo;y a ici que des enfants heureux et souriants, ce qui signifie que ce n&rsquo;est pas le lieu d&rsquo;o\u00f9 vient l&rsquo;enfant qui est important mais l&rsquo;amour re\u00e7oit en chemin et la fa\u00e7on dont il l&rsquo;utilisera pour construire sa vie future\u00a0\u00bb.<\/p>\n\n\n\n<p>Les enfants de notre centre avaient pr\u00e9par\u00e9 un superbe spectacle de chansons, sayn\u00e8tes et b\u00e9n\u00e9dictions.<\/p>\n\n\n\n<p>Mosh\u00e9 Levkovitch a, \u00e0 son tour, b\u00e9ni le jeune bar mitzvah ainsi que sa famille et tous les enfants d&rsquo;Afikim et a pris la parole pour dire que c&rsquo;\u00e9tait un grand honneur de recevoir la famille Ejnes et particuli\u00e8rement le papa, Robert qui est un homme chaleureux, qui aime Isra\u00ebl, qui ag\u00eet pour sa communaut\u00e9 \u00e0 Boulogne et pour les enfants d&rsquo;Afikim. Il a ajout\u00e9 combien il \u00e9tait fier d&rsquo;avoir de tels amis.<\/p>\n\n\n\n<p>Eliav a conclu de mani\u00e8re \u00e9mouvante:\u00a0\u00bb C&rsquo;est un grand privil\u00e8ge pour moi de c\u00e9l\u00e9brer ma bar mitzvah avec des amis que je ne connaissais pas encore il y a une heure et qui vont rester dans mon c\u0153ur pendant de nombreuses ann\u00e9es. Merci aux enfants d&rsquo;Afikim.\u00a0\u00bb<\/p>\n","protected":false},"excerpt":{"rendered":"<p>Eliav Ejnes a choisi de faire un long chemin de Boulogne, dans la r\u00e9gion parisienne, jusqu&rsquo;\u00e0 nos centres Afikim pour f\u00eater sa bar mitzvah.. Notre jeune ami a \u00e9galement offert des cadeaux aux enfants. Le p\u00e8re de Eliav, Robert Ejnes qui est le Pr\u00e9sident de la communaut\u00e9 juive de Boulogne nous a dit:\u00a0\u00bb Nous sommes [&hellip;]<\/p>\n","protected":false},"author":5,"featured_media":3443,"comment_status":"open","ping_status":"open","sticky":false,"template":"","format":"standard","meta":[],"categories":[43],"tags":[],"_links":{"self":[{"href":"https:\/\/afikim.org\/fr\/wp-json\/wp\/v2\/posts\/3350"}],"collection":[{"href":"https:\/\/afikim.org\/fr\/wp-json\/wp\/v2\/posts"}],"about":[{"href":"https:\/\/afikim.org\/fr\/wp-json\/wp\/v2\/types\/post"}],"author":[{"embeddable":true,"href":"https:\/\/afikim.org\/fr\/wp-json\/wp\/v2\/users\/5"}],"replies":[{"embeddable":true,"href":"https:\/\/afikim.org\/fr\/wp-json\/wp\/v2\/comments?post=3350"}],"version-history":[{"count":1,"href":"https:\/\/afikim.org\/fr\/wp-json\/wp\/v2\/posts\/3350\/revisions"}],"predecessor-version":[{"id":3447,"href":"https:\/\/afikim.org\/fr\/wp-json\/wp\/v2\/posts\/3350\/revisions\/3447"}],"wp:featuredmedia":[{"embeddable":true,"href":"https:\/\/afikim.org\/fr\/wp-json\/wp\/v2\/media\/3443"}],"wp:attachment":[{"href":"https:\/\/afikim.org\/fr\/wp-json\/wp\/v2\/media?parent=3350"}],"wp:term":[{"taxonomy":"category","embeddable":true,"href":"https:\/\/afikim.org\/fr\/wp-json\/wp\/v2\/categories?post=3350"},{"taxonomy":"post_tag","embeddable":true,"href":"https:\/\/afikim.org\/fr\/wp-json\/wp\/v2\/tags?post=3350"}],"curies":[{"name":"wp","href":"https:\/\/api.w.org\/{rel}","templated":true}]}}