{"id":3353,"date":"2012-10-18T11:27:23","date_gmt":"2012-10-18T11:27:23","guid":{"rendered":"https:\/\/afikim.org\/?p=3353"},"modified":"2020-10-19T11:41:07","modified_gmt":"2020-10-19T11:41:07","slug":"concert-carlebach-a-boulogne","status":"publish","type":"post","link":"https:\/\/afikim.org\/fr\/concert-carlebach-a-boulogne\/","title":{"rendered":"Concert Carlebach \u00e0 Boulogne"},"content":{"rendered":"\n<p>Tout ce dont un enfant a besoin, c&rsquo;est d&rsquo;un adulte qui croit en lui.\u00a0\u00bb Cette phrase qu&rsquo;aimait \u00e0 r\u00e9p\u00e9ter le rav Shlomo Carlebach \u00ab\u00a0zal\u00a0\u00bb est la maxime de notre association.<\/p>\n\n\n\n<p>Chaque enfant a un potentiel, chaque enfant peut r\u00e9ussir dans la vie et surtout r\u00e9ussir sa vie. Bien qu&rsquo;un enfant sur trois en Isra\u00ebl, vit sous le seuil de pauvret\u00e9, nous continuons \u00e0 lutter pour eux. Si les conditions socio-\u00e9conomiques que connaissent leurs familles ne favorisent pas la r\u00e9ussite scolaire, nous savons qu&rsquo;en pla\u00e7ant notre confiance en eux, en les valorisant, en mettant \u00e0 leurs dispositions les aides qui leur permettront de faire des progr\u00e8s, nous pouvons aider ces enfants \u00e0 sortir du cercle de la pauvret\u00e9.<\/p>\n\n\n\n<p>Jeudi 18 octobre, la synagogue de Boulogne, gr\u00e2ce \u00e0 son comit\u00e9 pr\u00e9sid\u00e9 par monsieur Robert Ejnes, avait mis \u00e0 notre disposition sa salle des f\u00eates. Une centaine de personnes sont venus \u00e9couter Y\u00e9houda Katz et ses musiciens chanter les m\u00e9lodies de Shlomo Carlebach. Certains, dans le public n&rsquo;ont pu r\u00e9sister \u00e0 l&rsquo;envie de monter sur sc\u00e8ne pour danser. Signalons \u00e0 cette occasion, la pr\u00e9sence du Grand-rabbin Josy Eisenberg dont le discours sur la valeur de la Ts\u00e9daka fut exceptionnel ainsi que celle de son fils Marc Eisenberg, aujourd&rsquo;hui Pr\u00e9sident de l&rsquo;Alliance.Y\u00e9houda Katz a anim\u00e9 tous les offices du Shabbat pour le plus grand plaisir des membres de la communaut\u00e9 qui \u00e9taient venus se r\u00e9jouir dans la synagogue.<\/p>\n\n\n\n<p>8Un grand merci \u00e0 la communaut\u00e9, \u00e0 madame S\u00e9verine Sebag, \u00e0 Ma\u00eetre Elisabeth Steiner et \u00e0 l&rsquo;\u00e9quipe de Josy Eisenberg qui a pu, jeudi 18 tourner un film sur ce magnifique concert.<\/p>\n\n\n\n<p>Deux grandes synagogues parisiennes se proposent d\u00e9j\u00e0 d&rsquo;organiser pour leurs membres un concert et un shabbat plein avec les chants du Rav Carlebach.<\/p>\n\n\n\n<p>Nous aimerions beaucoup renouveler cette exp\u00e9rience en province. Si des pr\u00e9sidents ou rabbins sont int\u00e9ress\u00e9s, ils peuvent contacter Judith au 06 24 38 91 80.<\/p>\n\n\n\n<p>Pour entendre l&rsquo;interview de Y\u00e9huda Katz sur RCJ, cliquer sur le lien:<br><a href=\"http:\/\/radiorcj.info\/diffusions\/shabbath-shalom-7\/\" target=\"_blank\" rel=\"noreferrer noopener\">http:\/\/radiorcj.info\/diffusions\/shabbath-shalom-7\/<\/a><\/p>\n\n\n\n<figure class=\"wp-block-gallery columns-3 is-cropped\"><ul class=\"blocks-gallery-grid\"><li class=\"blocks-gallery-item\"><figure><img loading=\"lazy\" width=\"448\" height=\"299\" src=\"https:\/\/afikim.org\/wp-content\/uploads\/2020\/10\/0809.jpg\" alt=\"\" data-id=\"3422\" data-full-url=\"https:\/\/afikim.org\/wp-content\/uploads\/2020\/10\/0809.jpg\" data-link=\"https:\/\/afikim.org\/fr\/?attachment_id=3422\" class=\"wp-image-3422\" srcset=\"https:\/\/afikim.org\/wp-content\/uploads\/2020\/10\/0809.jpg 448w, https:\/\/afikim.org\/wp-content\/uploads\/2020\/10\/0809-300x200.jpg 300w\" sizes=\"(max-width: 448px) 100vw, 448px\" \/><\/figure><\/li><li class=\"blocks-gallery-item\"><figure><img loading=\"lazy\" width=\"448\" height=\"299\" src=\"https:\/\/afikim.org\/wp-content\/uploads\/2020\/10\/0810.jpg\" alt=\"\" data-id=\"3426\" data-full-url=\"https:\/\/afikim.org\/wp-content\/uploads\/2020\/10\/0810.jpg\" data-link=\"https:\/\/afikim.org\/fr\/?attachment_id=3426\" class=\"wp-image-3426\" srcset=\"https:\/\/afikim.org\/wp-content\/uploads\/2020\/10\/0810.jpg 448w, https:\/\/afikim.org\/wp-content\/uploads\/2020\/10\/0810-300x200.jpg 300w\" sizes=\"(max-width: 448px) 100vw, 448px\" \/><\/figure><\/li><li class=\"blocks-gallery-item\"><figure><img loading=\"lazy\" width=\"448\" height=\"299\" src=\"https:\/\/afikim.org\/wp-content\/uploads\/2020\/10\/0811.jpg\" alt=\"\" data-id=\"3430\" data-full-url=\"https:\/\/afikim.org\/wp-content\/uploads\/2020\/10\/0811.jpg\" data-link=\"https:\/\/afikim.org\/fr\/?attachment_id=3430\" class=\"wp-image-3430\" srcset=\"https:\/\/afikim.org\/wp-content\/uploads\/2020\/10\/0811.jpg 448w, https:\/\/afikim.org\/wp-content\/uploads\/2020\/10\/0811-300x200.jpg 300w\" sizes=\"(max-width: 448px) 100vw, 448px\" \/><\/figure><\/li><li class=\"blocks-gallery-item\"><figure><img loading=\"lazy\" width=\"448\" height=\"299\" src=\"https:\/\/afikim.org\/wp-content\/uploads\/2020\/10\/0812.jpg\" alt=\"\" data-id=\"3434\" data-full-url=\"https:\/\/afikim.org\/wp-content\/uploads\/2020\/10\/0812.jpg\" data-link=\"https:\/\/afikim.org\/fr\/?attachment_id=3434\" class=\"wp-image-3434\" srcset=\"https:\/\/afikim.org\/wp-content\/uploads\/2020\/10\/0812.jpg 448w, https:\/\/afikim.org\/wp-content\/uploads\/2020\/10\/0812-300x200.jpg 300w\" sizes=\"(max-width: 448px) 100vw, 448px\" \/><\/figure><\/li><li class=\"blocks-gallery-item\"><figure><img loading=\"lazy\" width=\"448\" height=\"299\" src=\"https:\/\/afikim.org\/wp-content\/uploads\/2020\/10\/0813.jpg\" alt=\"\" data-id=\"3438\" data-full-url=\"https:\/\/afikim.org\/wp-content\/uploads\/2020\/10\/0813.jpg\" data-link=\"https:\/\/afikim.org\/fr\/?attachment_id=3438\" class=\"wp-image-3438\" srcset=\"https:\/\/afikim.org\/wp-content\/uploads\/2020\/10\/0813.jpg 448w, https:\/\/afikim.org\/wp-content\/uploads\/2020\/10\/0813-300x200.jpg 300w\" sizes=\"(max-width: 448px) 100vw, 448px\" \/><\/figure><\/li><\/ul><\/figure>\n","protected":false},"excerpt":{"rendered":"<p>Tout ce dont un enfant a besoin, c&rsquo;est d&rsquo;un adulte qui croit en lui.\u00a0\u00bb Cette phrase qu&rsquo;aimait \u00e0 r\u00e9p\u00e9ter le rav Shlomo Carlebach \u00ab\u00a0zal\u00a0\u00bb est la maxime de notre association. Chaque enfant a un potentiel, chaque enfant peut r\u00e9ussir dans la vie et surtout r\u00e9ussir sa vie. Bien qu&rsquo;un enfant sur trois en Isra\u00ebl, vit [&hellip;]<\/p>\n","protected":false},"author":5,"featured_media":3418,"comment_status":"open","ping_status":"open","sticky":false,"template":"","format":"standard","meta":[],"categories":[43],"tags":[],"_links":{"self":[{"href":"https:\/\/afikim.org\/fr\/wp-json\/wp\/v2\/posts\/3353"}],"collection":[{"href":"https:\/\/afikim.org\/fr\/wp-json\/wp\/v2\/posts"}],"about":[{"href":"https:\/\/afikim.org\/fr\/wp-json\/wp\/v2\/types\/post"}],"author":[{"embeddable":true,"href":"https:\/\/afikim.org\/fr\/wp-json\/wp\/v2\/users\/5"}],"replies":[{"embeddable":true,"href":"https:\/\/afikim.org\/fr\/wp-json\/wp\/v2\/comments?post=3353"}],"version-history":[{"count":1,"href":"https:\/\/afikim.org\/fr\/wp-json\/wp\/v2\/posts\/3353\/revisions"}],"predecessor-version":[{"id":3442,"href":"https:\/\/afikim.org\/fr\/wp-json\/wp\/v2\/posts\/3353\/revisions\/3442"}],"wp:featuredmedia":[{"embeddable":true,"href":"https:\/\/afikim.org\/fr\/wp-json\/wp\/v2\/media\/3418"}],"wp:attachment":[{"href":"https:\/\/afikim.org\/fr\/wp-json\/wp\/v2\/media?parent=3353"}],"wp:term":[{"taxonomy":"category","embeddable":true,"href":"https:\/\/afikim.org\/fr\/wp-json\/wp\/v2\/categories?post=3353"},{"taxonomy":"post_tag","embeddable":true,"href":"https:\/\/afikim.org\/fr\/wp-json\/wp\/v2\/tags?post=3353"}],"curies":[{"name":"wp","href":"https:\/\/api.w.org\/{rel}","templated":true}]}}