{"id":3355,"date":"2011-06-16T11:27:25","date_gmt":"2011-06-16T11:27:25","guid":{"rendered":"https:\/\/afikim.org\/?p=3355"},"modified":"2020-10-19T12:21:31","modified_gmt":"2020-10-19T12:21:31","slug":"un-centre-commercial-de-jerusalem-accueille-afikim","status":"publish","type":"post","link":"https:\/\/afikim.org\/fr\/un-centre-commercial-de-jerusalem-accueille-afikim\/","title":{"rendered":"Un centre commercial de J\u00e9rusalem accueille Afikim"},"content":{"rendered":"\n<p>Une impressionnante c\u00e9r\u00e9monie s&rsquo;est d\u00e9roul\u00e9e au centre commercial \u00a0\u00bb Hahim Isra\u00ebl\u00a0\u00bb qui se trouve dans le quartier de Talpiot \u00e0 J\u00e9rusalem.<\/p>\n\n\n\n<p>L&rsquo;objectif \u00e9tait de donner le coup d&rsquo;envoi aux programmes d&rsquo;\u00e9t\u00e9 dont b\u00e9n\u00e9ficieront les enfants gr\u00e2ce au partenariat mis en place avec les centres commerciaux de la ville. Le centre commercial de Talpiot accueillera les enfants pendant les longues journ\u00e9es d&rsquo;\u00e9t\u00e9 en leur offrant des divertissements. Le centre en profitera pour informer ses clients sur les services qu&rsquo;Afikim offre \u00e0 la communaut\u00e9.<\/p>\n\n\n\n<p>La c\u00e9r\u00e9monie qui a eu lieu le 15 juin a \u00e9t\u00e9 anim\u00e9e par un com\u00e9dien c\u00e9l\u00e8bre en Isra\u00ebl et qui est \u00e9galement un ami d&rsquo;Afikim: Kobi Arieli. Des \u00e9tudiants qui animent la branche Afikim de Ramot avaient pr\u00e9par\u00e9 des chants et des danses et le directeur g\u00e9n\u00e9ral du centre commercial, monsieur Alon Goldberg s&rsquo;\u00e9tait d\u00e9plac\u00e9 en personne pour accueillir les enfants et expliquer combien son centre avait voulu s&rsquo;investir dans cette belle aventure au profit des enfants d\u00e9favoris\u00e9s de son quartier.<\/p>\n\n\n\n<p>Nous avons \u00e9galement eu le plaisir de noter la pr\u00e9sence de monsieur Elie Perez, heureux retrait\u00e9 et tout nouvel \u00e9migrant en Isra\u00ebl. Nous sommes sensibles au fait qu&rsquo;Elie Perez, qui a \u00e9t\u00e9 le responsable de notre bureau Afikim en Suisse, reste un membre actif de notre association et nous fait b\u00e9n\u00e9ficier de ses pr\u00e9cieux conseils pour sensibiliser la communaut\u00e9 juive helv\u00e9tique au travail d&rsquo;Afikim en Isra\u00ebl.<\/p>\n\n\n\n<figure class=\"wp-block-gallery columns-3 is-cropped\"><ul class=\"blocks-gallery-grid\"><li class=\"blocks-gallery-item\"><figure><img loading=\"lazy\" width=\"640\" height=\"569\" src=\"https:\/\/afikim.org\/wp-content\/uploads\/2020\/10\/0688.jpg\" alt=\"\" data-id=\"3524\" data-full-url=\"https:\/\/afikim.org\/wp-content\/uploads\/2020\/10\/0688.jpg\" data-link=\"https:\/\/afikim.org\/fr\/?attachment_id=3524\" class=\"wp-image-3524\" srcset=\"https:\/\/afikim.org\/wp-content\/uploads\/2020\/10\/0688.jpg 640w, https:\/\/afikim.org\/wp-content\/uploads\/2020\/10\/0688-600x533.jpg 600w, https:\/\/afikim.org\/wp-content\/uploads\/2020\/10\/0688-300x267.jpg 300w\" sizes=\"(max-width: 640px) 100vw, 640px\" \/><\/figure><\/li><li class=\"blocks-gallery-item\"><figure><img loading=\"lazy\" width=\"640\" height=\"517\" src=\"https:\/\/afikim.org\/wp-content\/uploads\/2020\/10\/0689.jpg\" alt=\"\" data-id=\"3528\" data-full-url=\"https:\/\/afikim.org\/wp-content\/uploads\/2020\/10\/0689.jpg\" data-link=\"https:\/\/afikim.org\/fr\/?attachment_id=3528\" class=\"wp-image-3528\" srcset=\"https:\/\/afikim.org\/wp-content\/uploads\/2020\/10\/0689.jpg 640w, https:\/\/afikim.org\/wp-content\/uploads\/2020\/10\/0689-600x485.jpg 600w, https:\/\/afikim.org\/wp-content\/uploads\/2020\/10\/0689-300x242.jpg 300w\" sizes=\"(max-width: 640px) 100vw, 640px\" \/><\/figure><\/li><li class=\"blocks-gallery-item\"><figure><img loading=\"lazy\" width=\"640\" height=\"439\" src=\"https:\/\/afikim.org\/wp-content\/uploads\/2020\/10\/0690.jpg\" alt=\"\" data-id=\"3532\" data-full-url=\"https:\/\/afikim.org\/wp-content\/uploads\/2020\/10\/0690.jpg\" data-link=\"https:\/\/afikim.org\/fr\/?attachment_id=3532\" class=\"wp-image-3532\" srcset=\"https:\/\/afikim.org\/wp-content\/uploads\/2020\/10\/0690.jpg 640w, https:\/\/afikim.org\/wp-content\/uploads\/2020\/10\/0690-600x412.jpg 600w, https:\/\/afikim.org\/wp-content\/uploads\/2020\/10\/0690-300x206.jpg 300w\" sizes=\"(max-width: 640px) 100vw, 640px\" \/><\/figure><\/li><li class=\"blocks-gallery-item\"><figure><img loading=\"lazy\" width=\"640\" height=\"426\" src=\"https:\/\/afikim.org\/wp-content\/uploads\/2020\/10\/0691.jpg\" alt=\"\" data-id=\"3536\" data-full-url=\"https:\/\/afikim.org\/wp-content\/uploads\/2020\/10\/0691.jpg\" data-link=\"https:\/\/afikim.org\/fr\/?attachment_id=3536\" class=\"wp-image-3536\" srcset=\"https:\/\/afikim.org\/wp-content\/uploads\/2020\/10\/0691.jpg 640w, https:\/\/afikim.org\/wp-content\/uploads\/2020\/10\/0691-600x399.jpg 600w, https:\/\/afikim.org\/wp-content\/uploads\/2020\/10\/0691-300x200.jpg 300w\" sizes=\"(max-width: 640px) 100vw, 640px\" \/><\/figure><\/li><li class=\"blocks-gallery-item\"><figure><img loading=\"lazy\" width=\"640\" height=\"426\" src=\"https:\/\/afikim.org\/wp-content\/uploads\/2020\/10\/0692.jpg\" alt=\"\" data-id=\"3540\" data-full-url=\"https:\/\/afikim.org\/wp-content\/uploads\/2020\/10\/0692.jpg\" data-link=\"https:\/\/afikim.org\/fr\/?attachment_id=3540\" class=\"wp-image-3540\" srcset=\"https:\/\/afikim.org\/wp-content\/uploads\/2020\/10\/0692.jpg 640w, https:\/\/afikim.org\/wp-content\/uploads\/2020\/10\/0692-600x399.jpg 600w, https:\/\/afikim.org\/wp-content\/uploads\/2020\/10\/0692-300x200.jpg 300w\" sizes=\"(max-width: 640px) 100vw, 640px\" \/><\/figure><\/li><li class=\"blocks-gallery-item\"><figure><img loading=\"lazy\" width=\"640\" height=\"426\" src=\"https:\/\/afikim.org\/wp-content\/uploads\/2020\/10\/0718.jpg\" alt=\"\" data-id=\"3544\" data-full-url=\"https:\/\/afikim.org\/wp-content\/uploads\/2020\/10\/0718.jpg\" data-link=\"https:\/\/afikim.org\/fr\/?attachment_id=3544\" class=\"wp-image-3544\" srcset=\"https:\/\/afikim.org\/wp-content\/uploads\/2020\/10\/0718.jpg 640w, https:\/\/afikim.org\/wp-content\/uploads\/2020\/10\/0718-600x399.jpg 600w, https:\/\/afikim.org\/wp-content\/uploads\/2020\/10\/0718-300x200.jpg 300w\" sizes=\"(max-width: 640px) 100vw, 640px\" \/><\/figure><\/li><li class=\"blocks-gallery-item\"><figure><img loading=\"lazy\" width=\"640\" height=\"450\" src=\"https:\/\/afikim.org\/wp-content\/uploads\/2020\/10\/0719.jpg\" alt=\"\" data-id=\"3548\" data-full-url=\"https:\/\/afikim.org\/wp-content\/uploads\/2020\/10\/0719.jpg\" data-link=\"https:\/\/afikim.org\/fr\/?attachment_id=3548\" class=\"wp-image-3548\" srcset=\"https:\/\/afikim.org\/wp-content\/uploads\/2020\/10\/0719.jpg 640w, https:\/\/afikim.org\/wp-content\/uploads\/2020\/10\/0719-600x422.jpg 600w, https:\/\/afikim.org\/wp-content\/uploads\/2020\/10\/0719-300x211.jpg 300w\" sizes=\"(max-width: 640px) 100vw, 640px\" \/><\/figure><\/li><li class=\"blocks-gallery-item\"><figure><img loading=\"lazy\" width=\"640\" height=\"443\" src=\"https:\/\/afikim.org\/wp-content\/uploads\/2020\/10\/0720.jpg\" alt=\"\" data-id=\"3552\" data-full-url=\"https:\/\/afikim.org\/wp-content\/uploads\/2020\/10\/0720.jpg\" data-link=\"https:\/\/afikim.org\/fr\/?attachment_id=3552\" class=\"wp-image-3552\" srcset=\"https:\/\/afikim.org\/wp-content\/uploads\/2020\/10\/0720.jpg 640w, https:\/\/afikim.org\/wp-content\/uploads\/2020\/10\/0720-600x415.jpg 600w, https:\/\/afikim.org\/wp-content\/uploads\/2020\/10\/0720-300x208.jpg 300w\" sizes=\"(max-width: 640px) 100vw, 640px\" \/><\/figure><\/li><li class=\"blocks-gallery-item\"><figure><img loading=\"lazy\" width=\"640\" height=\"436\" src=\"https:\/\/afikim.org\/wp-content\/uploads\/2020\/10\/0721.jpg\" alt=\"\" data-id=\"3556\" data-full-url=\"https:\/\/afikim.org\/wp-content\/uploads\/2020\/10\/0721.jpg\" data-link=\"https:\/\/afikim.org\/fr\/?attachment_id=3556\" class=\"wp-image-3556\" srcset=\"https:\/\/afikim.org\/wp-content\/uploads\/2020\/10\/0721.jpg 640w, https:\/\/afikim.org\/wp-content\/uploads\/2020\/10\/0721-600x409.jpg 600w, https:\/\/afikim.org\/wp-content\/uploads\/2020\/10\/0721-300x204.jpg 300w\" sizes=\"(max-width: 640px) 100vw, 640px\" \/><\/figure><\/li><\/ul><\/figure>\n","protected":false},"excerpt":{"rendered":"<p>Une impressionnante c\u00e9r\u00e9monie s&rsquo;est d\u00e9roul\u00e9e au centre commercial \u00a0\u00bb Hahim Isra\u00ebl\u00a0\u00bb qui se trouve dans le quartier de Talpiot \u00e0 J\u00e9rusalem. L&rsquo;objectif \u00e9tait de donner le coup d&rsquo;envoi aux programmes d&rsquo;\u00e9t\u00e9 dont b\u00e9n\u00e9ficieront les enfants gr\u00e2ce au partenariat mis en place avec les centres commerciaux de la ville. Le centre commercial de Talpiot accueillera les [&hellip;]<\/p>\n","protected":false},"author":5,"featured_media":3520,"comment_status":"open","ping_status":"open","sticky":false,"template":"","format":"standard","meta":[],"categories":[43],"tags":[],"_links":{"self":[{"href":"https:\/\/afikim.org\/fr\/wp-json\/wp\/v2\/posts\/3355"}],"collection":[{"href":"https:\/\/afikim.org\/fr\/wp-json\/wp\/v2\/posts"}],"about":[{"href":"https:\/\/afikim.org\/fr\/wp-json\/wp\/v2\/types\/post"}],"author":[{"embeddable":true,"href":"https:\/\/afikim.org\/fr\/wp-json\/wp\/v2\/users\/5"}],"replies":[{"embeddable":true,"href":"https:\/\/afikim.org\/fr\/wp-json\/wp\/v2\/comments?post=3355"}],"version-history":[{"count":1,"href":"https:\/\/afikim.org\/fr\/wp-json\/wp\/v2\/posts\/3355\/revisions"}],"predecessor-version":[{"id":3560,"href":"https:\/\/afikim.org\/fr\/wp-json\/wp\/v2\/posts\/3355\/revisions\/3560"}],"wp:featuredmedia":[{"embeddable":true,"href":"https:\/\/afikim.org\/fr\/wp-json\/wp\/v2\/media\/3520"}],"wp:attachment":[{"href":"https:\/\/afikim.org\/fr\/wp-json\/wp\/v2\/media?parent=3355"}],"wp:term":[{"taxonomy":"category","embeddable":true,"href":"https:\/\/afikim.org\/fr\/wp-json\/wp\/v2\/categories?post=3355"},{"taxonomy":"post_tag","embeddable":true,"href":"https:\/\/afikim.org\/fr\/wp-json\/wp\/v2\/tags?post=3355"}],"curies":[{"name":"wp","href":"https:\/\/api.w.org\/{rel}","templated":true}]}}