{"id":3561,"date":"2011-06-15T12:21:46","date_gmt":"2011-06-15T12:21:46","guid":{"rendered":"https:\/\/afikim.org\/?p=3561"},"modified":"2020-10-19T12:22:59","modified_gmt":"2020-10-19T12:22:59","slug":"le-rabbin-davis-des-etats-unis-visite-afikim-et-donne-son-accord","status":"publish","type":"post","link":"https:\/\/afikim.org\/fr\/le-rabbin-davis-des-etats-unis-visite-afikim-et-donne-son-accord\/","title":{"rendered":"Le rabbin Davis des Etats-Unis visite Afikim et donne son accord!"},"content":{"rendered":"\n<p>Le Rabbin Hillel Davis, vice pr\u00e9sident de la Y\u00e9shiva University a visit\u00e9 les trois centres Afikim de J\u00e9rusalem.<\/p>\n\n\n\n<p>Accompagn\u00e9 de Mosh\u00e9 Levkovitch, notre directeur g\u00e9n\u00e9ral, il est all\u00e9 dans les quartiers de Talpiot et Ramot pour rencontrer les enfants. Le rabbin souhaitait parler aux enfants et aux enseignants afin de mieux comprendre l&rsquo;impact du travail d&rsquo;Afikim sur la vie des enfants. A la fin de sa visite, le rabbin a exprim\u00e9 son enthousiasme et a promis de faire son possible pour expliquer partout, \u00e0 chacun de ses d\u00e9placements, ce qu&rsquo;\u00e9tait Afikim et sa vocation.<\/p>\n\n\n\n<p>L&rsquo;association Afikim est fi\u00e8re de compter d\u00e9sormais parmi ses supporters et amis le Rabbin Davis et sa famille.<\/p>\n\n\n\n<figure class=\"wp-block-gallery columns-3 is-cropped\"><ul class=\"blocks-gallery-grid\"><li class=\"blocks-gallery-item\"><figure><img loading=\"lazy\" width=\"480\" height=\"640\" src=\"https:\/\/afikim.org\/wp-content\/uploads\/2020\/10\/0700.jpg\" alt=\"\" data-id=\"3566\" data-full-url=\"https:\/\/afikim.org\/wp-content\/uploads\/2020\/10\/0700.jpg\" data-link=\"https:\/\/afikim.org\/?attachment_id=3566\" class=\"wp-image-3566\" srcset=\"https:\/\/afikim.org\/wp-content\/uploads\/2020\/10\/0700.jpg 480w, https:\/\/afikim.org\/wp-content\/uploads\/2020\/10\/0700-225x300.jpg 225w\" sizes=\"(max-width: 480px) 100vw, 480px\" \/><\/figure><\/li><li class=\"blocks-gallery-item\"><figure><img loading=\"lazy\" width=\"480\" height=\"640\" src=\"https:\/\/afikim.org\/wp-content\/uploads\/2020\/10\/0701.jpg\" alt=\"\" data-id=\"3570\" data-full-url=\"https:\/\/afikim.org\/wp-content\/uploads\/2020\/10\/0701.jpg\" data-link=\"https:\/\/afikim.org\/?attachment_id=3570\" class=\"wp-image-3570\" srcset=\"https:\/\/afikim.org\/wp-content\/uploads\/2020\/10\/0701.jpg 480w, https:\/\/afikim.org\/wp-content\/uploads\/2020\/10\/0701-225x300.jpg 225w\" sizes=\"(max-width: 480px) 100vw, 480px\" \/><\/figure><\/li><li class=\"blocks-gallery-item\"><figure><img loading=\"lazy\" width=\"640\" height=\"480\" src=\"https:\/\/afikim.org\/wp-content\/uploads\/2020\/10\/0702.jpg\" alt=\"\" data-id=\"3574\" data-full-url=\"https:\/\/afikim.org\/wp-content\/uploads\/2020\/10\/0702.jpg\" data-link=\"https:\/\/afikim.org\/?attachment_id=3574\" class=\"wp-image-3574\" srcset=\"https:\/\/afikim.org\/wp-content\/uploads\/2020\/10\/0702.jpg 640w, https:\/\/afikim.org\/wp-content\/uploads\/2020\/10\/0702-600x450.jpg 600w, https:\/\/afikim.org\/wp-content\/uploads\/2020\/10\/0702-300x225.jpg 300w\" sizes=\"(max-width: 640px) 100vw, 640px\" \/><\/figure><\/li><\/ul><\/figure>\n","protected":false},"excerpt":{"rendered":"<p>Le Rabbin Hillel Davis, vice pr\u00e9sident de la Y\u00e9shiva University a visit\u00e9 les trois centres Afikim de J\u00e9rusalem. Accompagn\u00e9 de Mosh\u00e9 Levkovitch, notre directeur g\u00e9n\u00e9ral, il est all\u00e9 dans les quartiers de Talpiot et Ramot pour rencontrer les enfants. Le rabbin souhaitait parler aux enfants et aux enseignants afin de mieux comprendre l&rsquo;impact du travail [&hellip;]<\/p>\n","protected":false},"author":5,"featured_media":3562,"comment_status":"open","ping_status":"open","sticky":false,"template":"","format":"standard","meta":[],"categories":[43],"tags":[],"_links":{"self":[{"href":"https:\/\/afikim.org\/fr\/wp-json\/wp\/v2\/posts\/3561"}],"collection":[{"href":"https:\/\/afikim.org\/fr\/wp-json\/wp\/v2\/posts"}],"about":[{"href":"https:\/\/afikim.org\/fr\/wp-json\/wp\/v2\/types\/post"}],"author":[{"embeddable":true,"href":"https:\/\/afikim.org\/fr\/wp-json\/wp\/v2\/users\/5"}],"replies":[{"embeddable":true,"href":"https:\/\/afikim.org\/fr\/wp-json\/wp\/v2\/comments?post=3561"}],"version-history":[{"count":1,"href":"https:\/\/afikim.org\/fr\/wp-json\/wp\/v2\/posts\/3561\/revisions"}],"predecessor-version":[{"id":3578,"href":"https:\/\/afikim.org\/fr\/wp-json\/wp\/v2\/posts\/3561\/revisions\/3578"}],"wp:featuredmedia":[{"embeddable":true,"href":"https:\/\/afikim.org\/fr\/wp-json\/wp\/v2\/media\/3562"}],"wp:attachment":[{"href":"https:\/\/afikim.org\/fr\/wp-json\/wp\/v2\/media?parent=3561"}],"wp:term":[{"taxonomy":"category","embeddable":true,"href":"https:\/\/afikim.org\/fr\/wp-json\/wp\/v2\/categories?post=3561"},{"taxonomy":"post_tag","embeddable":true,"href":"https:\/\/afikim.org\/fr\/wp-json\/wp\/v2\/tags?post=3561"}],"curies":[{"name":"wp","href":"https:\/\/api.w.org\/{rel}","templated":true}]}}